{"id":620,"date":"2025-03-05T21:09:35","date_gmt":"2025-03-06T00:09:35","guid":{"rendered":"https:\/\/dmbrstg.wpengine.com\/blog\/?p=620"},"modified":"2025-10-01T21:13:35","modified_gmt":"2025-10-02T00:13:35","slug":"tudo-sobre-dessecacao-da-soja-quando-e-como-fazer","status":"publish","type":"post","link":"https:\/\/www.donmario.com.br\/blog\/tudo-sobre-dessecacao-da-soja-quando-e-como-fazer\/","title":{"rendered":"Tudo sobre desseca\u00e7\u00e3o da soja: quando e como fazer?"},"content":{"rendered":"<p><span style=\"font-weight: 400;\">A desseca\u00e7\u00e3o da soja destaca-se com um dos principais manejos fitot\u00e9cnicos dessa cultura. Esse manejo \u00e9 uma ferramenta muito \u00fatil na melhoria e efici\u00eancia da colheita da soja, assim como da pr\u00f3xima safra a ser implementada.\u00a0<\/span><\/p>\n<p><span style=\"font-weight: 400;\">Nesse contexto, \u00e9 fundamental entender o momento correto, os herbicidas que podem ser utilizados e outros pontos que devem ser considerados nessa etapa.<\/span><\/p>\n<p><span style=\"font-weight: 400;\">Esses e demais aspectos s\u00e3o detalhados neste presente artigo, assinado por Roque de Carvalho Dias, Engenheiro Agr\u00f4nomo, Doutor em Prote\u00e7\u00e3o de Plantas e Professor da Universidade Federal do Tri\u00e2ngulo Mineiro (UFTM), e Karolayne Mutima Medeiros, discente do curso de Agronomia da UFTM.<\/span><span style=\"font-weight: 400;\"><br \/>\n<\/span><span style=\"font-weight: 400;\"><br \/>\n<\/span><span style=\"font-weight: 400;\">O objetivo \u00e9 esclarecer todos esses pontos essenciais para a realiza\u00e7\u00e3o de uma desseca\u00e7\u00e3o adequada e atingir a melhor colheita de soja.<\/span><\/p>\n<p><span style=\"font-weight: 400;\">Acompanhe a seguir.<\/span><\/p>\n<h3><b>O que \u00e9 a desseca\u00e7\u00e3o da soja e qual sua import\u00e2ncia?<\/b><\/h3>\n<p><span style=\"font-weight: 400;\">Uma das etapas mais importantes no ciclo produtivo da soja \u00e9 a colheita e sua \u00e9poca ideal para ocorrer. Quando o objetivo \u00e9 a produ\u00e7\u00e3o de gr\u00e3os, a umidade dos gr\u00e3os ainda \u00e9 pr\u00f3xima a 55%, o que inviabiliza a colheita mecanizada.\u00a0<\/span><\/p>\n<p><span style=\"font-weight: 400;\">Nesse caso, a op\u00e7\u00e3o em manter as plantas em campo para que haja naturalmente a perda de umidade dos gr\u00e3os as exp\u00f5e a agentes clim\u00e1ticos, fitopatol\u00f3gicos e entomol\u00f3gicos, o que pode acarretar grandes perdas na produtividade e qualidade do produto.<\/span><\/p>\n<p><span style=\"font-weight: 400;\">Dessa forma, a desseca\u00e7\u00e3o da soja \u00e9 uma t\u00e9cnica dentro do manejo na cultura, que utiliza mol\u00e9culas herbicidas, visando antecipar a colheita de forma r\u00e1pida e eficiente.<\/span><\/p>\n<p><span style=\"font-weight: 400;\">A desseca\u00e7\u00e3o em pr\u00e9-colheita da soja \u00e9 realizada principalmente com o intuito de uniformizar a matura\u00e7\u00e3o das plantas, antecipar a colheita, controlar plantas daninhas e reduzir a perda da qualidade das sementes.<\/span><\/p>\n<h3><b>Momento ideal para a desseca\u00e7\u00e3o da soja<\/b><\/h3>\n<p><span style=\"font-weight: 400;\">O momento certo para iniciar a desseca\u00e7\u00e3o da soja \u00e9 dependente de marcadores de matura\u00e7\u00e3o.\u00a0<\/span><\/p>\n<p><span style=\"font-weight: 400;\">Segundo Cardoso e Perissato (2025), quando o objetivo \u00e9 a produ\u00e7\u00e3o de gr\u00e3os, a prioridade \u00e9 produtividade, ent\u00e3o o momento ideal \u00e9 no est\u00e1dio R7.3, conhecido como ponto de maturidade fisiol\u00f3gica.\u00a0<\/span><\/p>\n<p><span style=\"font-weight: 400;\">Nesse est\u00e1dio, o gr\u00e3o se desconecta da vagem, o que significa que o peso de mil gr\u00e3os (PMG) j\u00e1 est\u00e1 definido.\u00a0<\/span><\/p>\n<p><span style=\"font-weight: 400;\">Os marcadores para esse est\u00e1dio s\u00e3o:<br \/>\n<\/span><span style=\"font-weight: 400;\">\u2022 Aproximadamente 75% das folhas da planta apresentando colora\u00e7\u00e3o amarela;<br \/>\n<\/span><span style=\"font-weight: 400;\">\u2022 In\u00edcio de desfolha;<br \/>\n<\/span><span style=\"font-weight: 400;\">\u2022 Vagens amarelas ou com pontua\u00e7\u00f5es escurecidas (vari\u00e1vel com a cultivar);<br \/>\n<\/span><span style=\"font-weight: 400;\">\u2022 Sementes completamente amarelas e com teor de \u00e1gua em torno de 55%.<\/span><\/p>\n<p><span style=\"font-weight: 400;\">Contudo, as pesquisadoras ressaltam que, quando o foco \u00e9 a produ\u00e7\u00e3o de sementes, o posicionamento da desseca\u00e7\u00e3o deve ter por objetivo a qualidade de sementes.\u00a0<\/span><\/p>\n<p><span style=\"font-weight: 400;\">Assim, sementes de soja, mesmo ap\u00f3s atingir a maturidade fisiol\u00f3gica (R7.3), permanecem se beneficiando de mudan\u00e7as internas que garantem maior longevidade, o que \u00e9 crucial para assegurar a germina\u00e7\u00e3o e o vigor das sementes ao longo do tempo.\u00a0<\/span><\/p>\n<p><span style=\"font-weight: 400;\">As autoras destacam que, de acordo com pesquisas recentes, esse par\u00e2metro de qualidade fisiol\u00f3gica de sementes de soja \u00e9 adquirido progressivamente durante a matura\u00e7\u00e3o e matura\u00e7\u00e3o tardia, sendo a m\u00e1xima longevidade no est\u00e1dio R9.\u00a0<\/span><\/p>\n<p><span style=\"font-weight: 400;\">Portanto, a maturidade fisiol\u00f3gica n\u00e3o coincide com o m\u00e1ximo ac\u00famulo de qualidade fisiol\u00f3gica.<\/span><\/p>\n<p><span style=\"font-weight: 400;\">Figura 1. Marcadores de matura\u00e7\u00e3o na cultura da soja.<\/span><\/p>\n<p>&nbsp;<\/p>\n<h3><b><img loading=\"lazy\" decoding=\"async\" class=\"alignnone size-full wp-image-622\" src=\"https:\/\/www.donmario.com.br\/blog\/wp-content\/uploads\/sites\/2\/2025\/03\/unnamed-1-768x576-1.jpg\" alt=\"\" width=\"768\" height=\"576\" srcset=\"https:\/\/www.donmario.com.br\/blog\/wp-content\/uploads\/sites\/2\/2025\/03\/unnamed-1-768x576-1.jpg 768w, https:\/\/www.donmario.com.br\/blog\/wp-content\/uploads\/sites\/2\/2025\/03\/unnamed-1-768x576-1-300x225.jpg 300w\" sizes=\"auto, (max-width: 768px) 100vw, 768px\" \/>Herbicidas para desseca\u00e7\u00e3o da soja<\/b><\/h3>\n<p><span style=\"font-weight: 400;\">Atualmente, os produtos registrados e recomendados no Brasil (MAPA, 2025) para a desseca\u00e7\u00e3o s\u00e3o o carfentrazone-ethyl, diquat, flumioxazin, saflufenacil e o glufosinato de am\u00f4nio.<\/span><\/p>\n<p><span style=\"font-weight: 400;\">Ressaltamos que \u00e9 fundamental o monitoramento da \u00e1rea e verifica\u00e7\u00e3o do momento ideal para a desseca\u00e7\u00e3o, condi\u00e7\u00e3o ambiental para a aplica\u00e7\u00e3o, quais esp\u00e9cies de plantas daninhas presentes na \u00e1rea e o intervalo de plantio para a cultura subsequente.\u00a0<\/span><\/p>\n<p><span style=\"font-weight: 400;\">Dessa forma, \u00e9 poss\u00edvel a aplica\u00e7\u00e3o do produto ou a combina\u00e7\u00e3o entre mol\u00e9culas, potencializando, assim, a desseca\u00e7\u00e3o da soja e o controle de plantas daninhas.<\/span><\/p>\n<p><span style=\"font-weight: 400;\">\u00c9 importante que a recomenda\u00e7\u00e3o e orienta\u00e7\u00e3o t\u00e9cnica de produtos fitossanit\u00e1rios sejam feitas por um agr\u00f4nomo. Mas, voc\u00ea deve estar sempre atento a novas informa\u00e7\u00f5es para auxiliar a recomenda\u00e7\u00e3o profissional.<\/span><\/p>\n<h3><b>Cuidados com a desseca\u00e7\u00e3o da soja<\/b><\/h3>\n<p><span style=\"font-weight: 400;\">Como citado anteriormente, a desseca\u00e7\u00e3o da soja traz in\u00fameros benef\u00edcios para a produ\u00e7\u00e3o de soja. Entretanto, s\u00e3o necess\u00e1rios alguns cuidados para que realmente se obtenha o m\u00e1ximo dessas vantagens, dentre eles:<br \/>\n<\/span><span style=\"font-weight: 400;\">\u2022 O planejamento pr\u00e9vio ao manejo de desseca\u00e7\u00e3o, com intuito de verificar quest\u00f5es como o operacional suficiente para colher a \u00e1rea dessecada em pouco tempo. Caso contr\u00e1rio, haver\u00e1 abertura das vagens, por exemplo, provocando perdas indesejadas ao produtor;<br \/>\n<\/span><span style=\"font-weight: 400;\">\u2022 A \u00e9poca de aplica\u00e7\u00e3o, que deve ocorrer no momento correto, independentemente se o destino for gr\u00e3o ou semente. Por exemplo, em aplica\u00e7\u00f5es antecipadas, pode-se reduzir o potencial produtivo da lavoura, devido \u00e0 incompleta matura\u00e7\u00e3o fisiol\u00f3gica. Por outro lado, o atraso da colheita ap\u00f3s a desseca\u00e7\u00e3o pode acarretar a abertura das vagens, na forma\u00e7\u00e3o de gr\u00e3os ardidos ou mofados e na germina\u00e7\u00e3o do gr\u00e3o de soja ainda na planta;<\/span><span style=\"font-weight: 400;\"><br \/>\n<\/span><span style=\"font-weight: 400;\">\u2022 A escolha do herbicida e dose recomendada, de acordo com as poss\u00edveis associa\u00e7\u00f5es. Alguns desses produtos usados como dessecantes, como o diquat e o glufosinato de am\u00f4nio, s\u00e3o considerados herbicidas n\u00e3o seletivos, ou seja, t\u00eam a\u00e7\u00e3o ampla, eliminando praticamente todas as plantas com as quais entram em contato. Assim, s\u00e3o importantes os cuidados em evitar a deriva durante a aplica\u00e7\u00e3o e prejudicar as lavouras vizinhas;<\/span><span style=\"font-weight: 400;\"><br \/>\n<\/span><span style=\"font-weight: 400;\">\u2022 A tecnologia de aplica\u00e7\u00e3o, como escolha da ponta e volume de calda. \u00c9 importante ter em vista que alguns dos herbicidas s\u00e3o de contato, ou seja, atuam pr\u00f3ximo ou no local em que penetram nas plantas, necessitando, assim, de uma boa cobertura.<\/span><\/p>\n<p><span style=\"font-weight: 400;\">Por fim, \u00e9 preciso verificar a previs\u00e3o das condi\u00e7\u00f5es clim\u00e1ticas, pois a ocorr\u00eancia de chuvas e dias nublados podem influenciar na atua\u00e7\u00e3o desses herbicidas na planta.<\/span><\/p>\n<p><span style=\"font-weight: 400;\">Vale obter mais informa\u00e7\u00f5es no portal <\/span><a href=\"https:\/\/agrofit.agricultura.gov.br\/\"><span style=\"font-weight: 400;\">Sistema de Agrot\u00f3xicos Fitossanit\u00e1rio<\/span><\/a><span style=\"font-weight: 400;\">, fornecidas pelo Minist\u00e9rio de Agricultura, Pecu\u00e1ria e Abastecimento.\u00a0<\/span><\/p>\n<p><span style=\"font-weight: 400;\">Voc\u00ea tamb\u00e9m pode obter <\/span><a href=\"\/colheita-de-soja-um-guia-para-potencializar-os-resultados\/\"><span style=\"font-weight: 400;\">orienta\u00e7\u00f5es completas sobre os principais desafios da colheita de soja neste guia,<\/span><\/a><span style=\"font-weight: 400;\"> como planejamento, marcadores de matura\u00e7\u00e3o, metodologias para monitoramento e muito mais. <\/span><span style=\"font-weight: 400;\"><br \/>\n<\/span><span style=\"font-weight: 400;\"><br \/>\n<\/span><span style=\"font-weight: 400;\"><strong>Contatos:<\/strong><br \/>\n<\/span><span style=\"font-weight: 400;\">\u2022 Roque de Carvalho Dias: <\/span><a href=\"mailto:roque.dias@uftm.edu.br\"><span style=\"font-weight: 400;\">roque.dias@uftm.edu.br<\/span><\/a><br \/>\n<span style=\"font-weight: 400;\">\u2022 Karolayne Mutima Medeiros: <\/span><a href=\"mailto:karolaynemedeiros55@gmail.com\"><span style=\"font-weight: 400;\">karolaynemedeiros55@gmail.com<\/span><\/a><\/p>\n<p>&nbsp;<\/p>\n","protected":false},"excerpt":{"rendered":"<p>A desseca\u00e7\u00e3o da soja destaca-se com um dos principais manejos fitot\u00e9cnicos dessa cultura. Esse manejo \u00e9 uma ferramenta muito \u00fatil na melhoria e efici\u00eancia da colheita da soja, assim como da pr\u00f3xima safra a ser implementada.\u00a0 Nesse contexto, \u00e9 fundamental entender o momento correto, os herbicidas que podem ser utilizados e outros pontos que devem<\/p>\n","protected":false},"author":6,"featured_media":621,"comment_status":"open","ping_status":"open","sticky":false,"template":"","format":"standard","meta":{"footnotes":""},"categories":[4],"tags":[],"class_list":["post-620","post","type-post","status-publish","format-standard","has-post-thumbnail","hentry","category-manejo"],"_links":{"self":[{"href":"https:\/\/www.donmario.com.br\/blog\/wp-json\/wp\/v2\/posts\/620","targetHints":{"allow":["GET"]}}],"collection":[{"href":"https:\/\/www.donmario.com.br\/blog\/wp-json\/wp\/v2\/posts"}],"about":[{"href":"https:\/\/www.donmario.com.br\/blog\/wp-json\/wp\/v2\/types\/post"}],"author":[{"embeddable":true,"href":"https:\/\/www.donmario.com.br\/blog\/wp-json\/wp\/v2\/users\/6"}],"replies":[{"embeddable":true,"href":"https:\/\/www.donmario.com.br\/blog\/wp-json\/wp\/v2\/comments?post=620"}],"version-history":[{"count":0,"href":"https:\/\/www.donmario.com.br\/blog\/wp-json\/wp\/v2\/posts\/620\/revisions"}],"wp:featuredmedia":[{"embeddable":true,"href":"https:\/\/www.donmario.com.br\/blog\/wp-json\/wp\/v2\/media\/621"}],"wp:attachment":[{"href":"https:\/\/www.donmario.com.br\/blog\/wp-json\/wp\/v2\/media?parent=620"}],"wp:term":[{"taxonomy":"category","embeddable":true,"href":"https:\/\/www.donmario.com.br\/blog\/wp-json\/wp\/v2\/categories?post=620"},{"taxonomy":"post_tag","embeddable":true,"href":"https:\/\/www.donmario.com.br\/blog\/wp-json\/wp\/v2\/tags?post=620"}],"curies":[{"name":"wp","href":"https:\/\/api.w.org\/{rel}","templated":true}]}}